{"id":5674353,"date":"2018-08-14T12:38:18","date_gmt":"2018-08-14T10:38:18","guid":{"rendered":"https:\/\/czechrelocate.eu\/?p=5674353"},"modified":"2018-12-14T11:06:34","modified_gmt":"2018-12-14T10:06:34","slug":"letuska-pristala-blizko-domu","status":"publish","type":"post","link":"https:\/\/www.czechrelocate.eu\/cs\/letuska-pristala-blizko-domu\/","title":{"rendered":"Letu\u0161ka p\u0159ist\u00e1la bl\u00edzko domu"},"content":{"rendered":"<div class=\"wpb-content-wrapper\">[vc_row][vc_column][vc_empty_space height=&#8220;60px&#8220;]<div class=\"norebro-text-sc \" \n\tid=\"norebro-custom-69ef889d93c8c\" \n\t \n\t>\n\n\t<p>A\u010dkoli pracuje mnoho hodin denn\u011b, vypad\u00e1 o&nbsp;hodn\u011b let mlad\u0161\u00ed ne\u017e skute\u010dn\u011b je a&nbsp;st\u00e1le se usm\u00edv\u00e1. Jej\u00ed realitn\u00ed kancel\u00e1\u0159 V.I.P.Homes v\u00a0dvoupatrov\u00e9m dom\u011b v\u00a0tich\u00e9 ulici na Praze 5 je za\u0159\u00edzen v\u00a0anglick\u00e9m stylu.<\/p>\n\t\n<\/div>[vc_empty_space height=&#8220;25px&#8220;][\/vc_column][\/vc_row][vc_row][vc_column]<div class=\"norebro-text-sc \" \n\tid=\"norebro-custom-69ef889d93d5a\" \n\t \n\t>\n\n\t<p style=\"text-align: left;\">Nikoliv typick\u00e1 \u010ce\u0161ka, M\u00e1ria Mihinov\u00e1 je nesporn\u011b \u0161\u0165astn\u00fd workoholik, kter\u00fd \u010dasto pracuje 12 hodin denn\u011b a&nbsp;v\u011bt\u0161inou i&nbsp;o&nbsp;v\u00edkendech. A\u010dkoli se narodila na Slovensku, v\u011bt\u0161inu \u017eivota pro\u017eila v\u00a0\u010cech\u00e1ch. Vystudovala cestovn\u00ed ruch v\u00a0Karlov\u00fdch Varech a&nbsp;po&nbsp;ukon\u010den\u00ed \u0161koly \u017eila rok a&nbsp;p\u016fl ve Velk\u00e9 Brit\u00e1nii.<\/p>\n<p style=\"text-align: left;\">Po ud\u00e1lostech v\u00a0roce 1968 se rozhodla vr\u00e1tit se do \u010ceskoslovenska. \u201eNebylo mnoho t\u011bch, kdo se vraceli dom\u016f, proto jsem byla podez\u0159el\u00e1. Dlouho jsem si nemohla naj\u00edt pr\u00e1ci.\u201c Ale nakonec pr\u00e1ci na\u0161la \u2013 \u010cSA hledala letu\u0161ky a&nbsp;M\u00e1ria Mihinov\u00e1 byla p\u0159ijata.<\/p>\n<p style=\"text-align: left;\">\u201eByla to velmi dobr\u00e1 pr\u00e1ce, proto\u017ee a\u010dkoli lid\u00e9 nemohli cestovat, j\u00e1 vid\u011bla cel\u00fd sv\u011bt\u201c, \u0159\u00edk\u00e1.<\/p>\n<p style=\"text-align: left;\">Nane\u0161t\u011bst\u00ed, \u010cSA m\u011blo v\u011bkov\u00fd limit do 40 let a&nbsp;tak byla nucena odej\u00edt po&nbsp;t\u00e9m\u011b\u0159 dvaceti letech. Za\u010dala pracovat pro cestovn\u00ed kancel\u00e1\u0159, kter\u00e1 se starala o&nbsp;V.I.P. turisty.<\/p>\n<p style=\"text-align: left;\">P\u0159i t\u00e9to pr\u00e1ci potkala Ameri\u010dana slovensk\u00e9ho p\u016fvodu, kter\u00fd m\u011bl zvl\u00e1\u0161tn\u00ed po\u017eadavek. Nezaj\u00edmal se o&nbsp;historick\u00e9 pam\u00e1tky, ale o&nbsp;domy a&nbsp;\u017eivot tady.\u00a0 Po\u017e\u00e1dal ji, zda by mu nepomohla naj\u00edt byt a&nbsp;vysv\u011btlil j\u00ed, jak prob\u00edh\u00e1 obchod s\u00a0nemovitostmi ve Spojen\u00fdch st\u00e1tech. A&nbsp;tak vznikla realitn\u00ed kancel\u00e1\u0159 V.I.P.Homes. \u201cPochopila jsem \u017ee je to v\u00fdnosn\u00e1 pr\u00e1ce kterou d\u011bl\u00e1 mnoho Ameri\u010danek. Zd\u00e1lo se to jako spr\u00e1vn\u00fd za\u010d\u00e1tek nov\u00e9ho \u017eivota\u201c \u0159\u00edk\u00e1 Mihinov\u00e1.<\/p>\n<p style=\"text-align: left;\">Slovensk\u00e1 podnikatelka za\u010dala z\u00a0ni\u010deho v\u00a0roce 1990, a&nbsp;d\u00edky tvrd\u00e9 pr\u00e1ci, excelentn\u00edmu z\u00e1kaznick\u00e9mu servisu a&nbsp;siln\u00e9 v\u016fli, po\u010det klient\u016f V.I.P.Homes nar\u016fstal. Dnes zam\u011bstn\u00e1v\u00e1 p\u011bt lid\u00ed a&nbsp;mezi jej\u00ed klienty pat\u0159\u00ed spole\u010dnosti Tel Source, Peugeot, Deloitte&amp;Touche and Credit Lyonnais.<\/p>\n<p style=\"text-align: left;\">Jej\u00ed firma se zab\u00fdv\u00e1 p\u0159edev\u0161\u00edm pron\u00e1jmem luxusn\u00edch byt\u016f a&nbsp;rodinn\u00fdch dom\u016f v\u00a0centru a&nbsp;elitn\u00edch \u010dtvrt\u00edch jako Hanspaulka, proto\u017ee mnoho jej\u00edch klient\u016f jsou cizinci s\u00a0d\u011btmi.<\/p>\n<p style=\"text-align: left;\">V.I.P. Homes\u2018 p\u0159\u00edstup k\u00a0z\u00e1kazn\u00edkovi je ovlivn\u011bn jej\u00ed prac\u00ed u&nbsp;aerolinek : spln\u011bn\u00ed z\u00e1kazn\u00edkov\u00fdch pot\u0159eb a&nbsp;p\u0159\u00e1n\u00ed, \u0159\u00edk\u00e1 MM, kter\u00e1 mluv\u00ed n\u011bmecky a&nbsp;anglicky.<\/p>\n<p style=\"text-align: left;\">\u201cSna\u017e\u00edme se poskytnout maxim\u00e1ln\u00ed komfort klient\u016fm, vyzvedneme je na leti\u0161ti, a&nbsp;p\u0159i&nbsp;j\u00edzd\u011b autem po&nbsp;Praze jim poskytneme obecn\u00e9 informace o&nbsp;\u017eivot\u011b v&nbsp;Praze.\u201c Je pouze jedna v\u011bc se kterou se t\u011b\u017eko smi\u0159uje : nesn\u00e1\u0161\u00ed prohry. \u201eObchod s\u00a0nemovitostmi je jako vlny, ob\u010das v\u011bci nefunguj\u00ed jak byste cht\u011bla. M\u00e1 chyba je \u017ee to beru jako osobn\u00ed selh\u00e1n\u00ed\u201c \u0159\u00edk\u00e1 52-let\u00e1 podnikatelka.<\/p>\n<p style=\"text-align: left;\"><img loading=\"lazy\" decoding=\"async\" class=\"aligncenter wp-image-5674489 size-full\" style=\"margin: 20px 0;\" src=\"http:\/\/czechrelocate.eu\/wp-content\/uploads\/2018\/08\/shutterstock_145154056-res.jpg\" alt=\"\" width=\"1200\" height=\"800\" srcset=\"https:\/\/www.czechrelocate.eu\/wp-content\/uploads\/2018\/08\/shutterstock_145154056-res.jpg 1200w, https:\/\/www.czechrelocate.eu\/wp-content\/uploads\/2018\/08\/shutterstock_145154056-res-300x200.jpg 300w, https:\/\/www.czechrelocate.eu\/wp-content\/uploads\/2018\/08\/shutterstock_145154056-res-768x512.jpg 768w, https:\/\/www.czechrelocate.eu\/wp-content\/uploads\/2018\/08\/shutterstock_145154056-res-1024x683.jpg 1024w\" sizes=\"(max-width: 1200px) 100vw, 1200px\" \/><\/p>\n<p style=\"text-align: left;\">Mihinov\u00e1 se rozvedla po&nbsp;zalo\u017een\u00ed realitn\u00ed kancel\u00e1\u0159e, a&nbsp;p\u0159izn\u00e1v\u00e1 \u017ee jej\u00ed pr\u00e1ce a&nbsp;m\u00e1lo \u010dasu na rodinu byly d\u016fvody ukon\u010den\u00ed jej\u00edho man\u017eelstv\u00ed.\u00a0 \u0158\u00edk\u00e1 \u017ee je t\u011b\u017ek\u00e9 naj\u00edt si \u010das na pravidelnou j\u00f3gu a&nbsp;rychl\u00e9 setk\u00e1n\u00ed s&nbsp;23-let\u00fdm synem.\u00a0 Ale kdy\u017e tempo pr\u00e1ce vzroste ne\u00fanosn\u011b, m\u00e1 \u0159e\u0161en\u00ed.\u00a0 \u201eSt\u00e1le m\u00e1m v\u00fdhodu voln\u00fdch let\u016f, tak\u017ee v\u017edy kdy\u017e jsem unaven\u00e1 z\u00a0pr\u00e1ce, nasko\u010d\u00edm do letadla a&nbsp;let\u00edm na druh\u00fd konec sv\u011bta. Anebo alespo\u0148 do Pa\u0159\u00ed\u017ee na v\u00edkend\u201c \u0159\u00edk\u00e1 pan\u00ed Mihinov\u00e1 se sm\u00edchem.<\/p>\n\t\n<\/div>[\/vc_column][\/vc_row]\n<\/div>","protected":false},"excerpt":{"rendered":"<p>[vc_row][vc_column][vc_empty_space height=&#8220;60px&#8220;][vc_empty_space height=&#8220;25px&#8220;][\/vc_column][\/vc_row][vc_row][vc_column][\/vc_column][\/vc_row]<\/p>\n","protected":false},"author":2,"featured_media":5674485,"comment_status":"open","ping_status":"open","sticky":false,"template":"","format":"standard","meta":{"inline_featured_image":false,"footnotes":""},"categories":[9],"tags":[],"acf":[],"_links":{"self":[{"href":"https:\/\/www.czechrelocate.eu\/cs\/wp-json\/wp\/v2\/posts\/5674353"}],"collection":[{"href":"https:\/\/www.czechrelocate.eu\/cs\/wp-json\/wp\/v2\/posts"}],"about":[{"href":"https:\/\/www.czechrelocate.eu\/cs\/wp-json\/wp\/v2\/types\/post"}],"author":[{"embeddable":true,"href":"https:\/\/www.czechrelocate.eu\/cs\/wp-json\/wp\/v2\/users\/2"}],"replies":[{"embeddable":true,"href":"https:\/\/www.czechrelocate.eu\/cs\/wp-json\/wp\/v2\/comments?post=5674353"}],"version-history":[{"count":4,"href":"https:\/\/www.czechrelocate.eu\/cs\/wp-json\/wp\/v2\/posts\/5674353\/revisions"}],"predecessor-version":[{"id":5674490,"href":"https:\/\/www.czechrelocate.eu\/cs\/wp-json\/wp\/v2\/posts\/5674353\/revisions\/5674490"}],"wp:featuredmedia":[{"embeddable":true,"href":"https:\/\/www.czechrelocate.eu\/cs\/wp-json\/wp\/v2\/media\/5674485"}],"wp:attachment":[{"href":"https:\/\/www.czechrelocate.eu\/cs\/wp-json\/wp\/v2\/media?parent=5674353"}],"wp:term":[{"taxonomy":"category","embeddable":true,"href":"https:\/\/www.czechrelocate.eu\/cs\/wp-json\/wp\/v2\/categories?post=5674353"},{"taxonomy":"post_tag","embeddable":true,"href":"https:\/\/www.czechrelocate.eu\/cs\/wp-json\/wp\/v2\/tags?post=5674353"}],"curies":[{"name":"wp","href":"https:\/\/api.w.org\/{rel}","templated":true}]}}